{"id":835,"date":"2018-04-10T09:16:27","date_gmt":"2018-04-10T09:16:27","guid":{"rendered":"http:\/\/vivecnp.supgalicia.com\/?p=835"},"modified":"2018-04-10T09:16:27","modified_gmt":"2018-04-10T09:16:27","slug":"el-suicidio-principal-causa-de-muerte-externa-en-espana","status":"publish","type":"post","link":"http:\/\/vivecnp.supgalicia.com\/?p=835","title":{"rendered":"El suicidio, principal causa de muerte externa en Espa\u00f1a"},"content":{"rendered":"<p>La revista del Consejo General de Psicolog\u00eda informa que el suicidio contin\u00faa siendo la principal causa externa de muerte seg\u00fan el Instituto Nacional de Estad\u00edstica, con 3569 fallecimientos (un 0.9% menos que en 2015), siendo la primera en los hombres, seguida de las ca\u00eddas accidentales y los accidentes de tr\u00e1fico. En las mujeres es la tercera, por detr\u00e1s de las ca\u00eddas\u00a0 accidentales y del ahogamiento, sumersi\u00f3n y sofocaci\u00f3n.<\/p>\n<p>Por CCAA, Asturias, Galicia y Castilla y Le\u00f3n lideran este triste marcador, mientras que Melilla, Ceuta e Illes Baleares, presentan las tasas m\u00e1s bajas. M\u00e1s informaci\u00f3n en&#8230;<\/p>\n<p><a href=\"http:\/\/www.infocoponline.es\/pdf\/INE2016.pdf\">http:\/\/www.infocoponline.es\/pdf\/INE2016.pdf<\/a><\/p>\n","protected":false},"excerpt":{"rendered":"<p>La revista del Consejo General de Psicolog\u00eda informa que el suicidio contin\u00faa siendo la principal causa externa de muerte seg\u00fan el Instituto Nacional de Estad\u00edstica, con 3569 fallecimientos (un 0.9% menos que en 2015), siendo la primera en los hombres, seguida de las ca\u00eddas accidentales y los accidentes de tr\u00e1fico. En las mujeres es la [&hellip;]<\/p>\n","protected":false},"author":5,"featured_media":837,"comment_status":"open","ping_status":"open","sticky":false,"template":"","format":"standard","meta":{"footnotes":""},"categories":[1],"tags":[],"class_list":["post-835","post","type-post","status-publish","format-standard","has-post-thumbnail","hentry","category-consejos"],"_links":{"self":[{"href":"http:\/\/vivecnp.supgalicia.com\/index.php?rest_route=\/wp\/v2\/posts\/835","targetHints":{"allow":["GET"]}}],"collection":[{"href":"http:\/\/vivecnp.supgalicia.com\/index.php?rest_route=\/wp\/v2\/posts"}],"about":[{"href":"http:\/\/vivecnp.supgalicia.com\/index.php?rest_route=\/wp\/v2\/types\/post"}],"author":[{"embeddable":true,"href":"http:\/\/vivecnp.supgalicia.com\/index.php?rest_route=\/wp\/v2\/users\/5"}],"replies":[{"embeddable":true,"href":"http:\/\/vivecnp.supgalicia.com\/index.php?rest_route=%2Fwp%2Fv2%2Fcomments&post=835"}],"version-history":[{"count":3,"href":"http:\/\/vivecnp.supgalicia.com\/index.php?rest_route=\/wp\/v2\/posts\/835\/revisions"}],"predecessor-version":[{"id":839,"href":"http:\/\/vivecnp.supgalicia.com\/index.php?rest_route=\/wp\/v2\/posts\/835\/revisions\/839"}],"wp:featuredmedia":[{"embeddable":true,"href":"http:\/\/vivecnp.supgalicia.com\/index.php?rest_route=\/wp\/v2\/media\/837"}],"wp:attachment":[{"href":"http:\/\/vivecnp.supgalicia.com\/index.php?rest_route=%2Fwp%2Fv2%2Fmedia&parent=835"}],"wp:term":[{"taxonomy":"category","embeddable":true,"href":"http:\/\/vivecnp.supgalicia.com\/index.php?rest_route=%2Fwp%2Fv2%2Fcategories&post=835"},{"taxonomy":"post_tag","embeddable":true,"href":"http:\/\/vivecnp.supgalicia.com\/index.php?rest_route=%2Fwp%2Fv2%2Ftags&post=835"}],"curies":[{"name":"wp","href":"https:\/\/api.w.org\/{rel}","templated":true}]}}