{"id":486,"date":"2015-11-03T21:01:53","date_gmt":"2015-11-03T21:01:53","guid":{"rendered":"http:\/\/vivecnp.supgalicia.com\/?p=486"},"modified":"2016-02-14T18:25:30","modified_gmt":"2016-02-14T18:25:30","slug":"evaluacion-del-suicidio","status":"publish","type":"post","link":"http:\/\/vivecnp.supgalicia.com\/?p=486","title":{"rendered":"Evaluaci\u00f3n del suicidio"},"content":{"rendered":"<p style=\"text-align: justify;\">\u00a0 \u00a0 \u00a0 \u00a0 \u00a0 Vamos a seguir hablando del suicidio, para dar a la <strong>luz<\/strong> de un problema que tenemos en la Polic\u00eda, <strong>sensibilizar a los funcionarios<\/strong>, informar y formar para la vida, e intentar poner v\u00edas de soluci\u00f3n a este problema.<\/p>\n<p style=\"text-align: justify;\">\u00a0 \u00a0 \u00a0 \u00a0 \u00a0 El suicidio es un hecho por el que un sujeto se causa voluntariamente a s\u00ed mismo una lesi\u00f3n. 114 suicidios en el colectivo policial desde 2000 hasta 2014 <strong>justifican<\/strong> sobradamente este programa de intervenci\u00f3n.<\/p>\n<p style=\"text-align: justify;\">\u00a0 \u00a0 \u00a0 \u00a0 \u00a0Las <strong>causas<\/strong> son m\u00faltiples, pero los principales factores de riesgo son el sexo (var\u00f3n), la edad (joven), estado civil (solteros, divorciados, viudos),\u00a0 laborales (staf policial, organizaci\u00f3n, toma de decisiones, exposici\u00f3n a\u00a0 hechos crueles)\u2026Trastornos psicol\u00f3gicos (depresi\u00f3n, problemas afectivos, de personalidad, de ansiedad, esquizofrenia, alcoholismo..), as\u00ed como conductas suicidas previas\u2026<\/p>\n<p style=\"text-align: justify;\">\u00a0 \u00a0 \u00a0Para <strong>evaluar<\/strong> la persona debemos Preguntar espec\u00edficamente acerca del suicidio, ideas de suicidio y antecedentes de la conducta suicida. Preguntar acerca de la ideaci\u00f3n autol\u00edtica (frecuencia, intensidad, duraci\u00f3n), planes y conductas, explorar la ambivalencia, preguntado espec\u00edficamente sobre las razones que tiene tanto para morir como para vivir, evaluar la facilidad de acceso a un arma letal, evaluar la ideaci\u00f3n suicida sobre todo en mujeres en el periodo postparto y en hombre separados sobre todo con rasgos paranoides, evaluar la existencia de deseos de autolesionarse sin fines autol\u00edticos. <strong>Determinar niveles de riesgo\/niveles de seguridad<\/strong> necesarios. Por \u00faltimo la evaluaci\u00f3n de los pensamientos y cogniciones suicidas: condiciones de intimidad y comodidad, generar un ambiente de confianza donde el paciente pueda expresar sus dificultades o problemas, preguntar sobre ideas de suicidio, acercamiento progresivo (ha perdido la ilusi\u00f3n, incluso por la vida, piensa a menudo en la muerte, ha deseado morirse, se le ha ocurrido c\u00f3mo hacerlo, ha pensado en hacerse da\u00f1o, ha pensado d\u00f3nde y c\u00f3mo\u2026<\/p>\n<p style=\"text-align: justify;\">Con toda esta informaci\u00f3n diagn\u00f3stica, podr\u00edamos hacer una valoraci\u00f3n correcta de la situaci\u00f3n y de la persona, para preparar un <strong>plan terap\u00e9utico<\/strong> adecuado a su problema, y encaminado a devolver la felicidad y las ganas de vivir.<\/p>\n<p>\u2026 LOS PAPELES DEL PSIC\u00d3LOGO\u2026.<\/p>\n<p>ViveCNP \u201cCompromiso por la vida\u201d.<\/p>\n<p>&nbsp;<\/p>\n","protected":false},"excerpt":{"rendered":"<p>\u00a0 \u00a0 \u00a0 \u00a0 \u00a0 Vamos a seguir hablando del suicidio, para dar a la luz de un problema que tenemos en la Polic\u00eda, sensibilizar a los funcionarios, informar y formar para la vida, e intentar poner v\u00edas de soluci\u00f3n a este problema. \u00a0 \u00a0 \u00a0 \u00a0 \u00a0 El suicidio es un hecho por el [&hellip;]<\/p>\n","protected":false},"author":4,"featured_media":487,"comment_status":"open","ping_status":"open","sticky":false,"template":"","format":"standard","meta":{"footnotes":""},"categories":[33],"tags":[],"class_list":["post-486","post","type-post","status-publish","format-standard","has-post-thumbnail","hentry","category-articulo"],"_links":{"self":[{"href":"http:\/\/vivecnp.supgalicia.com\/index.php?rest_route=\/wp\/v2\/posts\/486","targetHints":{"allow":["GET"]}}],"collection":[{"href":"http:\/\/vivecnp.supgalicia.com\/index.php?rest_route=\/wp\/v2\/posts"}],"about":[{"href":"http:\/\/vivecnp.supgalicia.com\/index.php?rest_route=\/wp\/v2\/types\/post"}],"author":[{"embeddable":true,"href":"http:\/\/vivecnp.supgalicia.com\/index.php?rest_route=\/wp\/v2\/users\/4"}],"replies":[{"embeddable":true,"href":"http:\/\/vivecnp.supgalicia.com\/index.php?rest_route=%2Fwp%2Fv2%2Fcomments&post=486"}],"version-history":[{"count":4,"href":"http:\/\/vivecnp.supgalicia.com\/index.php?rest_route=\/wp\/v2\/posts\/486\/revisions"}],"predecessor-version":[{"id":505,"href":"http:\/\/vivecnp.supgalicia.com\/index.php?rest_route=\/wp\/v2\/posts\/486\/revisions\/505"}],"wp:featuredmedia":[{"embeddable":true,"href":"http:\/\/vivecnp.supgalicia.com\/index.php?rest_route=\/wp\/v2\/media\/487"}],"wp:attachment":[{"href":"http:\/\/vivecnp.supgalicia.com\/index.php?rest_route=%2Fwp%2Fv2%2Fmedia&parent=486"}],"wp:term":[{"taxonomy":"category","embeddable":true,"href":"http:\/\/vivecnp.supgalicia.com\/index.php?rest_route=%2Fwp%2Fv2%2Fcategories&post=486"},{"taxonomy":"post_tag","embeddable":true,"href":"http:\/\/vivecnp.supgalicia.com\/index.php?rest_route=%2Fwp%2Fv2%2Ftags&post=486"}],"curies":[{"name":"wp","href":"https:\/\/api.w.org\/{rel}","templated":true}]}}