{"id":194,"date":"2015-02-06T22:06:15","date_gmt":"2015-02-06T22:06:15","guid":{"rendered":"http:\/\/vivecnp.supgalicia.com\/?p=194"},"modified":"2016-02-14T18:29:51","modified_gmt":"2016-02-14T18:29:51","slug":"medidas-llevadas-a-cabo-en-la-policia-francesa-para-fortalecer-la-prevencion-de-suicidio-de-sus-agentes","status":"publish","type":"post","link":"http:\/\/vivecnp.supgalicia.com\/?p=194","title":{"rendered":"Medidas llevadas a cabo en la Polic\u00eda Francesa para fortalecer la prevenci\u00f3n de suicidio de sus agentes"},"content":{"rendered":"<div class=\"_5pbx userContent\" data-ft=\"{&quot;tn&quot;:&quot;K&quot;}\">\n<div id=\"id_54d537a23516c5814501713\" class=\"text_exposed_root text_exposed\">\n<p>Estimados amigos, recientemente se public\u00f3 en los medios franceses una publicaci\u00f3n sobre la prevenci\u00f3n del suicidio en la polic\u00eda nacional de nuestro pa\u00eds vecino de lo que deber\u00edan tomar nota nuestra Administraci\u00f3n y que dice as\u00ed:<\/p>\n<p style=\"text-align: justify;\">La prevenci\u00f3n del suicidio en la polic\u00eda nacional<\/p>\n<p style=\"text-align: justify;\">28 de enero 2015<\/p>\n<p style=\"text-align: justify;\">Bernard CAZENEUVE, ministro del Interior franc\u00e9s, ha \u00a0reunido a los sindicatos esta noche en la place Beauveau, con los diferentes sindicatos de la Polic\u00eda Nacional francesa, con el fin de presentar las medidas destinados a reforzar la prevenci\u00f3n de los suicidios dentro de la polic\u00eda.<\/p>\n<div class=\"text_exposed_show\">\n<p style=\"text-align: justify;\">De hecho, se registraron 55 suicidios en 2014, frente a una media de cuarenta a\u00f1os anteriores.<\/p>\n<p style=\"text-align: justify;\">El Ministro del Interior decidi\u00f3, entre otras cosas:<\/p>\n<p style=\"text-align: justify;\">La contrataci\u00f3n en el mes de febrero, 7 psic\u00f3logos del Servicio de Apoyo a las Operaciones Psicol\u00f3gicas, la c\u00e9lula dedicada a la escucha de los agentes\u00a0con sufrimientos.<\/p>\n<p style=\"text-align: justify;\">La creaci\u00f3n de 6 puestos complementarios de psic\u00f3logos m\u00e9dicos, en el cuadro de acompa\u00f1ar a los alumnos polic\u00edas, que se encuentran tanto en la escuela de formaci\u00f3n as\u00ed como los que se encuentren en su periodo de pr\u00e1cticas en las distintas comisar\u00edas.<\/p>\n<p style=\"text-align: justify;\">Difusi\u00f3n de una <b>instrucci\u00f3n<\/b> que recuerda la obligaci\u00f3n que tienen los jefes de los diferentes departamentos, de asegurarse que los agentes responden a las convocatorias de reconocimientos m\u00e9dicos establecidos.<\/p>\n<p>La firma de una convenci\u00f3n entre el Director General de la Polic\u00eda Nacional y el Centro de Salud, Seguimiento y Readaptaci\u00f3n, ANAS, destinado a los funcionarios del Ministerio del Interior, de aqu\u00ed al final del primer semestre del presente a\u00f1o, para los casos del personal que se encuentre en un estado de baja permanente.<\/p>\n<p>Se est\u00e1 desarrollando una experiencia en las distintas comisar\u00edas en el cual, crean un dispositivo con el fin de que todos los polic\u00edas puedan guardar sus armas de servicio en una taquilla individual Un total de 2.300 registros se han realizado<\/p>\n<p>La reforma de la jornada laboral. Reforma de los distintos ciclos de trabajo para mejorar la conciliaci\u00f3n entre la vida familiar y la vida profesional.<\/p>\n<p style=\"text-align: justify;\">Ser\u00e1n llevadas acabo todas estas medidas y evaluadas cada cuatro meses, en presencia de los sindicatos de la polic\u00eda nacional. El ministro del Interior reitera su determinaci\u00f3n y compromiso de que toda la polic\u00eda puede vivir de su oficio, tan importante para la seguridad de los franceses y que se realice en las mejores condiciones.<\/p>\n<p style=\"text-align: justify;\"><a href=\"http:\/\/mobile.interieur.gouv.fr\/Actualites\/Communiques\/Prevention-des-suicides-dans-la-police-nationale\" target=\"_blank\" rel=\"nofollow\">http:\/\/mobile.interieur.gouv.fr\/\u2026\/Prevention-des-suicides-d\u2026<\/a><\/p>\n<\/div>\n<\/div>\n<\/div>\n<div><\/div>\n","protected":false},"excerpt":{"rendered":"<p>Estimados amigos, recientemente se public\u00f3 en los medios franceses una publicaci\u00f3n sobre la prevenci\u00f3n del suicidio en la polic\u00eda nacional de nuestro pa\u00eds vecino de lo que deber\u00edan tomar nota nuestra Administraci\u00f3n y que dice as\u00ed: La prevenci\u00f3n del suicidio en la polic\u00eda nacional 28 de enero 2015 Bernard CAZENEUVE, ministro del Interior franc\u00e9s, ha [&hellip;]<\/p>\n","protected":false},"author":3,"featured_media":195,"comment_status":"open","ping_status":"open","sticky":false,"template":"","format":"standard","meta":{"footnotes":""},"categories":[2],"tags":[],"class_list":["post-194","post","type-post","status-publish","format-standard","has-post-thumbnail","hentry","category-noticias"],"_links":{"self":[{"href":"http:\/\/vivecnp.supgalicia.com\/index.php?rest_route=\/wp\/v2\/posts\/194","targetHints":{"allow":["GET"]}}],"collection":[{"href":"http:\/\/vivecnp.supgalicia.com\/index.php?rest_route=\/wp\/v2\/posts"}],"about":[{"href":"http:\/\/vivecnp.supgalicia.com\/index.php?rest_route=\/wp\/v2\/types\/post"}],"author":[{"embeddable":true,"href":"http:\/\/vivecnp.supgalicia.com\/index.php?rest_route=\/wp\/v2\/users\/3"}],"replies":[{"embeddable":true,"href":"http:\/\/vivecnp.supgalicia.com\/index.php?rest_route=%2Fwp%2Fv2%2Fcomments&post=194"}],"version-history":[{"count":8,"href":"http:\/\/vivecnp.supgalicia.com\/index.php?rest_route=\/wp\/v2\/posts\/194\/revisions"}],"predecessor-version":[{"id":517,"href":"http:\/\/vivecnp.supgalicia.com\/index.php?rest_route=\/wp\/v2\/posts\/194\/revisions\/517"}],"wp:featuredmedia":[{"embeddable":true,"href":"http:\/\/vivecnp.supgalicia.com\/index.php?rest_route=\/wp\/v2\/media\/195"}],"wp:attachment":[{"href":"http:\/\/vivecnp.supgalicia.com\/index.php?rest_route=%2Fwp%2Fv2%2Fmedia&parent=194"}],"wp:term":[{"taxonomy":"category","embeddable":true,"href":"http:\/\/vivecnp.supgalicia.com\/index.php?rest_route=%2Fwp%2Fv2%2Fcategories&post=194"},{"taxonomy":"post_tag","embeddable":true,"href":"http:\/\/vivecnp.supgalicia.com\/index.php?rest_route=%2Fwp%2Fv2%2Ftags&post=194"}],"curies":[{"name":"wp","href":"https:\/\/api.w.org\/{rel}","templated":true}]}}