{"id":1227,"date":"2020-03-27T07:46:27","date_gmt":"2020-03-27T07:46:27","guid":{"rendered":"http:\/\/vivecnp.supgalicia.com\/?p=1227"},"modified":"2020-03-27T07:46:27","modified_gmt":"2020-03-27T07:46:27","slug":"fases-emocionales-del-confinamiento","status":"publish","type":"post","link":"http:\/\/vivecnp.supgalicia.com\/?p=1227","title":{"rendered":"FASES emocionales DEL CONFINAMIENTO"},"content":{"rendered":"<p>El estado de alarma a causa del Covid-19, est\u00e1 suponiendo para las personas y la sociedad una nueva manera de vivir a la que nos obliga esta pandemia. El aislamiento, el estr\u00e9s, la incertidumbre, el confinamiento son elementos psicol\u00f3gicos que ponen a prueba nuestros sistemas de recursos mentales para adaptarnos a la nueva situaci\u00f3n. Os presentamos las fases emocionales por las que pasaremos en este periodo hasta la restauraci\u00f3n de la normalidad, la afloraci\u00f3n de todos estos pensamientos y emociones son comunes, debi\u00e9ndonos de acomodar\u00a0 la mejor forma posible.<\/p>\n","protected":false},"excerpt":{"rendered":"<p>El estado de alarma a causa del Covid-19, est\u00e1 suponiendo para las personas y la sociedad una nueva manera de vivir a la que nos obliga esta pandemia. El aislamiento, el estr\u00e9s, la incertidumbre, el confinamiento son elementos psicol\u00f3gicos que ponen a prueba nuestros sistemas de recursos mentales para adaptarnos a la nueva situaci\u00f3n. Os [&hellip;]<\/p>\n","protected":false},"author":5,"featured_media":1233,"comment_status":"open","ping_status":"open","sticky":false,"template":"","format":"standard","meta":{"footnotes":""},"categories":[1],"tags":[],"class_list":["post-1227","post","type-post","status-publish","format-standard","has-post-thumbnail","hentry","category-consejos"],"_links":{"self":[{"href":"http:\/\/vivecnp.supgalicia.com\/index.php?rest_route=\/wp\/v2\/posts\/1227","targetHints":{"allow":["GET"]}}],"collection":[{"href":"http:\/\/vivecnp.supgalicia.com\/index.php?rest_route=\/wp\/v2\/posts"}],"about":[{"href":"http:\/\/vivecnp.supgalicia.com\/index.php?rest_route=\/wp\/v2\/types\/post"}],"author":[{"embeddable":true,"href":"http:\/\/vivecnp.supgalicia.com\/index.php?rest_route=\/wp\/v2\/users\/5"}],"replies":[{"embeddable":true,"href":"http:\/\/vivecnp.supgalicia.com\/index.php?rest_route=%2Fwp%2Fv2%2Fcomments&post=1227"}],"version-history":[{"count":3,"href":"http:\/\/vivecnp.supgalicia.com\/index.php?rest_route=\/wp\/v2\/posts\/1227\/revisions"}],"predecessor-version":[{"id":1234,"href":"http:\/\/vivecnp.supgalicia.com\/index.php?rest_route=\/wp\/v2\/posts\/1227\/revisions\/1234"}],"wp:featuredmedia":[{"embeddable":true,"href":"http:\/\/vivecnp.supgalicia.com\/index.php?rest_route=\/wp\/v2\/media\/1233"}],"wp:attachment":[{"href":"http:\/\/vivecnp.supgalicia.com\/index.php?rest_route=%2Fwp%2Fv2%2Fmedia&parent=1227"}],"wp:term":[{"taxonomy":"category","embeddable":true,"href":"http:\/\/vivecnp.supgalicia.com\/index.php?rest_route=%2Fwp%2Fv2%2Fcategories&post=1227"},{"taxonomy":"post_tag","embeddable":true,"href":"http:\/\/vivecnp.supgalicia.com\/index.php?rest_route=%2Fwp%2Fv2%2Ftags&post=1227"}],"curies":[{"name":"wp","href":"https:\/\/api.w.org\/{rel}","templated":true}]}}