{"id":1215,"date":"2020-03-03T09:22:19","date_gmt":"2020-03-03T09:22:19","guid":{"rendered":"http:\/\/vivecnp.supgalicia.com\/?p=1215"},"modified":"2020-03-03T09:22:19","modified_gmt":"2020-03-03T09:22:19","slug":"la-cuarentena-por-sospecha-de-coronavirus-se-considera-baja-por-enfermedad-comun","status":"publish","type":"post","link":"http:\/\/vivecnp.supgalicia.com\/?p=1215","title":{"rendered":"La cuarentena por sospecha de coronavirus se considera baja por enfermedad com\u00fan."},"content":{"rendered":"<p>Los trabajadores en r\u00e9gimen de aislamiento preventivo por coronavirus podr\u00e1n acogerse a la baja por enfermedad com\u00fan. En consecuencia, tendr\u00e1n derecho a gozar de las correspondientes prestaciones.<br \/>\nEl criterio lo ha establecido la Secretar\u00eda de Estado de Seguridad Social y Pensiones en una reciente resoluci\u00f3n. Una decisi\u00f3n que ya tom\u00f3 la autoridad laboral con otra pandemia, la gripe A. Hasta el momento los periodos de observaci\u00f3n por enfermedad com\u00fan no eran considerados motivo de baja. Seguridad Social hace ahora una excepci\u00f3n: los empelados aislados por posible contacto con el coronavirus, aunque no est\u00e9n enfermos, deben gozar de dicha cobertura.<\/p>\n","protected":false},"excerpt":{"rendered":"<p>Los trabajadores en r\u00e9gimen de aislamiento preventivo por coronavirus podr\u00e1n acogerse a la baja por enfermedad com\u00fan. En consecuencia, tendr\u00e1n derecho a gozar de las correspondientes prestaciones. El criterio lo ha establecido la Secretar\u00eda de Estado de Seguridad Social y Pensiones en una reciente resoluci\u00f3n. Una decisi\u00f3n que ya tom\u00f3 la autoridad laboral con otra [&hellip;]<\/p>\n","protected":false},"author":3,"featured_media":1216,"comment_status":"open","ping_status":"open","sticky":false,"template":"","format":"standard","meta":{"footnotes":""},"categories":[1],"tags":[],"class_list":["post-1215","post","type-post","status-publish","format-standard","has-post-thumbnail","hentry","category-consejos"],"_links":{"self":[{"href":"http:\/\/vivecnp.supgalicia.com\/index.php?rest_route=\/wp\/v2\/posts\/1215","targetHints":{"allow":["GET"]}}],"collection":[{"href":"http:\/\/vivecnp.supgalicia.com\/index.php?rest_route=\/wp\/v2\/posts"}],"about":[{"href":"http:\/\/vivecnp.supgalicia.com\/index.php?rest_route=\/wp\/v2\/types\/post"}],"author":[{"embeddable":true,"href":"http:\/\/vivecnp.supgalicia.com\/index.php?rest_route=\/wp\/v2\/users\/3"}],"replies":[{"embeddable":true,"href":"http:\/\/vivecnp.supgalicia.com\/index.php?rest_route=%2Fwp%2Fv2%2Fcomments&post=1215"}],"version-history":[{"count":1,"href":"http:\/\/vivecnp.supgalicia.com\/index.php?rest_route=\/wp\/v2\/posts\/1215\/revisions"}],"predecessor-version":[{"id":1217,"href":"http:\/\/vivecnp.supgalicia.com\/index.php?rest_route=\/wp\/v2\/posts\/1215\/revisions\/1217"}],"wp:featuredmedia":[{"embeddable":true,"href":"http:\/\/vivecnp.supgalicia.com\/index.php?rest_route=\/wp\/v2\/media\/1216"}],"wp:attachment":[{"href":"http:\/\/vivecnp.supgalicia.com\/index.php?rest_route=%2Fwp%2Fv2%2Fmedia&parent=1215"}],"wp:term":[{"taxonomy":"category","embeddable":true,"href":"http:\/\/vivecnp.supgalicia.com\/index.php?rest_route=%2Fwp%2Fv2%2Fcategories&post=1215"},{"taxonomy":"post_tag","embeddable":true,"href":"http:\/\/vivecnp.supgalicia.com\/index.php?rest_route=%2Fwp%2Fv2%2Ftags&post=1215"}],"curies":[{"name":"wp","href":"https:\/\/api.w.org\/{rel}","templated":true}]}}