{"id":1151,"date":"2019-10-22T14:42:07","date_gmt":"2019-10-22T14:42:07","guid":{"rendered":"http:\/\/vivecnp.supgalicia.com\/?p=1151"},"modified":"2019-10-22T14:42:07","modified_gmt":"2019-10-22T14:42:07","slug":"incidentes-criticos","status":"publish","type":"post","link":"http:\/\/vivecnp.supgalicia.com\/?p=1151","title":{"rendered":"INCIDENTES CR\u00cdTICOS"},"content":{"rendered":"<p>Acabamos de ver los problemas de orden p\u00fablico acaecidos en Catalu\u00f1a a consecuencia de la publicaci\u00f3n de la sentencia del proceso de independencia.<\/p>\n<p>Las <strong>Unidades de Intervenci\u00f3n Policial<\/strong> de la Polic\u00eda Nacional (mas conocidas como antidisturbios), junto con las Brimo de los Mozzos fueron la fuerza humana que trabajaba para que las manifestaciones transcurrieran sin incidentes, tratando de evitar algaradas callejeras, y que el resto de la poblaci\u00f3n continuara funcionando con normalidad.<\/p>\n<p>Se define <strong>INCIDENTE CR\u00cdTICO<\/strong> como: \u00abEventos con un gran impacto emocional capaces de afectar los recursos de afrontamiento habituales de las personas o grupos que en circunstancias normales, se comportan de manera eficaz o al menos sin verse afectados (Uriarte y Parada, 1998)\u00bb<\/p>\n<p>Incidentes en los que el polic\u00eda participa activamente con peligro para su vida o integridad f\u00edsica, como sucedi\u00f3 en Barcelona con cerca de 300 agentes heridos y varios de ellos muy graves.<\/p>\n<p><strong>Si al aspecto central que ha sido el peligro personal de los agentes, le sumamos<\/strong> escasez de medios (materiales y humanos), jornadas laborales extensas, actuaciones fuera del \u00e1mbito geogr\u00e1fico natural, residencia , manutenci\u00f3n e indemnizaciones por raz\u00f3n del servicio cuestionables, e intervenciones de la jefatura policial y pol\u00edtica que dejan mucho que desear&#8230; hay un caldo de cultivo \u00f3ptimo para que el polic\u00eda pueda desencadenar problemas de salud, cuyo \u00fanica resistencia es su propia psicolog\u00eda, el cumplimiento del deber y el apoyo de la sociedad.<\/p>\n<p>En estos casos ser\u00eda deseable aparte de la satisfacci\u00f3n de todas las necesidades de primer orden arriba expuestas, hacer ex\u00e1menes de <strong>vigilancia para la salud psicol\u00f3gica<\/strong>, evaluaciones psicosociales de las Unidades,\u00a0debriefing psicol\u00f3gicos, an\u00e1lisis de la intervenci\u00f3n operativa, y centros de recursos para orientar a los agentes. Esto redundar\u00eda en la prevenci\u00f3n de riesgos laborales, en la promoci\u00f3n de la salud de los agentes, as\u00ed como en un servicio p\u00fablico de calidad.<\/p>\n<p>Para terminar habr\u00eda que <strong>analizar el contexto de la intervenci\u00f3n<\/strong>, sabiendo que lo que sucedi\u00f3 en Catalu\u00f1a no fue un problema de orden p\u00fablico, sino un problema pol\u00edtico, eso s\u00ed, en el tablero de juego no estaban los pol\u00edticos, sino los polic\u00edas contra una parte violenta del nacionalismo independentista.<\/p>\n","protected":false},"excerpt":{"rendered":"<p>Acabamos de ver los problemas de orden p\u00fablico acaecidos en Catalu\u00f1a a consecuencia de la publicaci\u00f3n de la sentencia del proceso de independencia. Las Unidades de Intervenci\u00f3n Policial de la Polic\u00eda Nacional (mas conocidas como antidisturbios), junto con las Brimo de los Mozzos fueron la fuerza humana que trabajaba para que las manifestaciones transcurrieran sin [&hellip;]<\/p>\n","protected":false},"author":5,"featured_media":1153,"comment_status":"open","ping_status":"open","sticky":false,"template":"","format":"standard","meta":{"footnotes":""},"categories":[1],"tags":[],"class_list":["post-1151","post","type-post","status-publish","format-standard","has-post-thumbnail","hentry","category-consejos"],"_links":{"self":[{"href":"http:\/\/vivecnp.supgalicia.com\/index.php?rest_route=\/wp\/v2\/posts\/1151","targetHints":{"allow":["GET"]}}],"collection":[{"href":"http:\/\/vivecnp.supgalicia.com\/index.php?rest_route=\/wp\/v2\/posts"}],"about":[{"href":"http:\/\/vivecnp.supgalicia.com\/index.php?rest_route=\/wp\/v2\/types\/post"}],"author":[{"embeddable":true,"href":"http:\/\/vivecnp.supgalicia.com\/index.php?rest_route=\/wp\/v2\/users\/5"}],"replies":[{"embeddable":true,"href":"http:\/\/vivecnp.supgalicia.com\/index.php?rest_route=%2Fwp%2Fv2%2Fcomments&post=1151"}],"version-history":[{"count":5,"href":"http:\/\/vivecnp.supgalicia.com\/index.php?rest_route=\/wp\/v2\/posts\/1151\/revisions"}],"predecessor-version":[{"id":1157,"href":"http:\/\/vivecnp.supgalicia.com\/index.php?rest_route=\/wp\/v2\/posts\/1151\/revisions\/1157"}],"wp:featuredmedia":[{"embeddable":true,"href":"http:\/\/vivecnp.supgalicia.com\/index.php?rest_route=\/wp\/v2\/media\/1153"}],"wp:attachment":[{"href":"http:\/\/vivecnp.supgalicia.com\/index.php?rest_route=%2Fwp%2Fv2%2Fmedia&parent=1151"}],"wp:term":[{"taxonomy":"category","embeddable":true,"href":"http:\/\/vivecnp.supgalicia.com\/index.php?rest_route=%2Fwp%2Fv2%2Fcategories&post=1151"},{"taxonomy":"post_tag","embeddable":true,"href":"http:\/\/vivecnp.supgalicia.com\/index.php?rest_route=%2Fwp%2Fv2%2Ftags&post=1151"}],"curies":[{"name":"wp","href":"https:\/\/api.w.org\/{rel}","templated":true}]}}